{"id":1748,"global_id":"www.mfc-altensteig.de?id=1748","global_id_lineage":["www.mfc-altensteig.de?id=1748"],"author":"2","status":"publish","date":"2022-07-18 18:10:33","date_utc":"2022-07-18 16:10:33","modified":"2022-07-18 18:10:33","modified_utc":"2022-07-18 16:10:33","url":"https:\/\/www.mfc-altensteig.de\/?tribe_events=helitreffen-und-flugtag-boeblingen","rest_url":"https:\/\/www.mfc-altensteig.de\/index.php?rest_route=\/tribe\/events\/v1\/events\/1748","title":"Helitreffen und Flugtag B\u00f6blingen","description":"<div dir=\"ltr\">Sehr geehrter Pilot, sehr geehrte Pilotin,<\/div>\n<div dir=\"ltr\">&nbsp;<\/div>\n<div dir=\"ltr\">im Jahre 2022 m\u00f6chten wir wieder unsere B\u00f6blinger Modellflugtage bestehend aus dem Helitreffen &#8222;unter Freunden&#8220; am 24.09. und dem gro\u00dfen Schauflugtag am 25.09. stattfinden lassen.<\/div>\n<div dir=\"ltr\">&nbsp;<\/div>\n<div dir=\"ltr\">Wie immer lebt eine solche Veranstaltung von den Gastpiloten und der Vielfalt ihrer Modelle die an diesen Tagen das Publikum ins Staunen versetzen werden.<\/div>\n<div dir=\"ltr\">&nbsp;<\/div>\n<div dir=\"ltr\">Wir w\u00fcrden uns \u00fcber zahlreiche G\u00e4ste freuen, auch gerne &#8222;nur&#8220; zum zuschauen \ud83d\ude09<\/div>\n<div dir=\"ltr\">&nbsp;<\/div>\n<div dir=\"ltr\">Wer aktiv am Helitreffen &#8222;unter Freunden&#8220; und\/oder am Schauflugtag mit Modellen teilnehmen m\u00f6chte &#8211; der kann sich auf <a class=\"moz-txt-link-abbreviated\" href=\"http:\/\/www.boeblinger-modellflugtage.de\">www.boeblinger-modellflugtage.de<\/a> online (Pilot und Modelle) anmelden. Wir werden an beiden Tagen eine elektronische &#8222;Rutschtafel&#8220; verwenden, eine online Anmeldung ist da dann die &#8222;Eintrittskarte&#8220; zum Fliegen.<\/div>\n<div dir=\"ltr\">&nbsp;<\/div>\n<div dir=\"ltr\">Wer in 2019 schon &#8222;dabei&#8220; war &#8211; dessen Daten sollten schon da sein. Bitte beachtet dann die Kurzanleitung auf der Startseite unten (kursiv) f\u00fcr den ersten Login.<\/div>\n<div dir=\"ltr\">&nbsp;<\/div>\n<div dir=\"ltr\">Wir freuen uns auf Euch!<\/div>\n<div dir=\"ltr\">&nbsp;<\/div>\n<div dir=\"ltr\">&nbsp;<\/div>\n<div dir=\"ltr\">&nbsp;<\/div>\n<div dir=\"ltr\">&nbsp;<\/div>\n<div dir=\"ltr\">Holm- und Rippenbruch<\/div>\n<div dir=\"ltr\">&nbsp;<\/div>\n<div dir=\"ltr\">MFV B\u00f6blingen<\/div>\n<div dir=\"ltr\">Benedikt Unger (1.Vorsitzender)<\/div>\n<div dir=\"ltr\">Sandra Ickinger (2.Vorsitzende)<\/div>\n<div dir=\"ltr\">Rainer Vetter (Helireferent)<\/div>","excerpt":"","slug":"helitreffen-und-flugtag-boeblingen","image":false,"all_day":true,"start_date":"2022-09-24 00:00:00","start_date_details":{"year":"2022","month":"09","day":"24","hour":"00","minutes":"00","seconds":"00"},"end_date":"2022-09-25 23:59:59","end_date_details":{"year":"2022","month":"09","day":"25","hour":"23","minutes":"59","seconds":"59"},"utc_start_date":"2022-09-23 22:00:00","utc_start_date_details":{"year":"2022","month":"09","day":"23","hour":"22","minutes":"00","seconds":"00"},"utc_end_date":"2022-09-25 21:59:59","utc_end_date_details":{"year":"2022","month":"09","day":"25","hour":"21","minutes":"59","seconds":"59"},"timezone":"Europe\/Berlin","timezone_abbr":"CEST","cost":"","cost_details":{"currency_symbol":"","currency_code":"","currency_position":"suffix","values":[]},"website":"","show_map":true,"show_map_link":true,"hide_from_listings":false,"sticky":false,"featured":false,"categories":[{"name":"Veranstaltung eines anderen Vereins","slug":"veranstaltung-eines-anderen-vereins","term_group":0,"term_taxonomy_id":22,"taxonomy":"tribe_events_cat","description":"","parent":0,"count":18,"filter":"raw","id":22,"urls":{"self":"https:\/\/www.mfc-altensteig.de\/index.php?rest_route=\/tribe\/events\/v1\/categories\/22","collection":"https:\/\/www.mfc-altensteig.de\/index.php?rest_route=\/tribe\/events\/v1\/categories"}}],"tags":[],"venue":{"id":1750,"author":"2","status":"publish","date":"2022-07-18 18:10:33","date_utc":"2022-07-18 16:10:33","modified":"2022-07-18 18:10:33","modified_utc":"2022-07-18 16:10:33","url":"https:\/\/www.mfc-altensteig.de\/?tribe_venue=flugplatz-mfv-boeblingen","venue":"Flugplatz MFV B\u00f6blingen","slug":"flugplatz-mfv-boeblingen","json_ld":{"@type":"Place","name":"Flugplatz MFV B\u00f6blingen","description":"","url":"","address":{"@type":"PostalAddress"},"telephone":"","sameAs":""},"show_map":true,"show_map_link":true,"global_id":"www.mfc-altensteig.de?id=1750","global_id_lineage":["www.mfc-altensteig.de?id=1750"]},"organizer":[{"id":1751,"author":"2","status":"publish","date":"2022-07-18 18:10:33","date_utc":"2022-07-18 16:10:33","modified":"2022-07-18 18:10:33","modified_utc":"2022-07-18 16:10:33","url":"https:\/\/www.mfc-altensteig.de\/?tribe_organizer=modellflugverein-boeblingen-e-v","organizer":"Modellflugverein B\u00f6blingen e.V.","slug":"modellflugverein-boeblingen-e-v","website":"https:\/\/www.mfv-bb.de\/","json_ld":{"@type":"Person","name":"Modellflugverein B\u00f6blingen e.V.","description":"","url":"https:\/\/www.mfv-bb.de\/","telephone":"","email":"","sameAs":"https:\/\/www.mfv-bb.de\/"},"global_id":"www.mfc-altensteig.de?id=1751","global_id_lineage":["www.mfc-altensteig.de?id=1751"]}],"custom_fields":[],"json_ld":{"@context":"http:\/\/schema.org","@type":"Event","name":"Helitreffen und Flugtag B\u00f6blingen","description":"&lt;p&gt;Sehr geehrter Pilot, sehr geehrte Pilotin, &nbsp; im Jahre 2022 m\u00f6chten wir wieder unsere B\u00f6blinger Modellflugtage bestehend aus dem Helitreffen &quot;unter Freunden&quot; am 24.09. und dem gro\u00dfen Schauflugtag am 25.09. [&hellip;]&lt;\/p&gt;\\n","url":"https:\/\/www.mfc-altensteig.de\/?tribe_events=helitreffen-und-flugtag-boeblingen","eventAttendanceMode":"https:\/\/schema.org\/OfflineEventAttendanceMode","eventStatus":"https:\/\/schema.org\/EventScheduled","startDate":"2022-09-24T00:00:00+02:00","endDate":"2022-09-25T23:59:59+02:00","location":{"@type":"Place","name":"Flugplatz MFV B\u00f6blingen","description":"","url":"","address":{"@type":"PostalAddress"},"telephone":"","sameAs":""},"organizer":{"@type":"Person","name":"Modellflugverein B\u00f6blingen e.V.","description":"","url":"https:\/\/www.mfv-bb.de\/","telephone":"","email":"","sameAs":"https:\/\/www.mfv-bb.de\/"},"performer":"Organization"}}